{"id":1397,"date":"2026-03-25T01:00:00","date_gmt":"2026-03-25T00:00:00","guid":{"rendered":"https:\/\/alexandertechnique-centre.berlin\/unkategorisiert\/intensiv-wochenende\/"},"modified":"2026-04-17T20:16:54","modified_gmt":"2026-04-17T18:16:54","slug":"ein-tag-mit-at","status":"publish","type":"post","link":"https:\/\/alexandertechnique-centre.berlin\/de\/past-event\/ein-tag-mit-at\/","title":{"rendered":"Ein Tag mit der Alexander-Technik"},"content":{"rendered":"<p>[et_pb_section fb_built=&#8220;1&#8243; admin_label=&#8220;About&#8220; module_id=&#8220;content&#8220; _builder_version=&#8220;4.25.0&#8243; custom_padding=&#8220;||100px||false|false&#8220; global_colors_info=&#8220;{}&#8220;][et_pb_row column_structure=&#8220;1_5,3_5,1_5&#8243; _builder_version=&#8220;4.16&#8243; custom_margin=&#8220;|||&#8220; custom_padding=&#8220;|||&#8220; global_colors_info=&#8220;{}&#8220;][et_pb_column type=&#8220;1_5&#8243; _builder_version=&#8220;4.16&#8243; custom_padding=&#8220;|||&#8220; global_colors_info=&#8220;{}&#8220; custom_padding__hover=&#8220;|||&#8220;][\/et_pb_column][et_pb_column type=&#8220;3_5&#8243; _builder_version=&#8220;4.16&#8243; custom_padding=&#8220;|||&#8220; global_colors_info=&#8220;{}&#8220; custom_padding__hover=&#8220;|||&#8220;][et_pb_text admin_label=&#8220;Title&#8220; _builder_version=&#8220;4.27.4&#8243; header_font=&#8220;||||||||&#8220; header_2_font=&#8220;Montserrat|500|||||||&#8220; header_2_text_align=&#8220;center&#8220; module_alignment=&#8220;center&#8220; custom_padding=&#8220;|||0px||&#8220; animation_style=&#8220;slide&#8220; animation_direction=&#8220;bottom&#8220; animation_intensity_slide=&#8220;10%&#8220; global_colors_info=&#8220;{}&#8220;]<\/p>\n<h1>Ein Tag mit der Alexander Technik<\/h1>\n<p><span data-wp-c16t=\"true\" data-wp-component=\"Text\" class=\"components-truncate components-text css-5oxji4 e19lxcc00\">26. April 2026<\/span><\/p>\n<p>Die Alexander Technik wird in der Regel in einer Reihe von Einzelstunden erlernt. Wer die Lehrerausbildungskurs absolviert hat, wei\u00df jedoch, wie bereichernd kontinuierliches Lernen sein kann und wie es zu einer tiefgreifenden und grundlegenden Verbesserung der Lebensqualit\u00e4t und Leistungsf\u00e4higkeit in allen Lebensbereichen f\u00fchren kann.<\/p>\n<p>Ein Tag mit der Alexander-Technik zeigt, wie tiefgreifend Ver\u00e4nderungen m\u00f6glich sind, und bietet einen Einblick in das Potenzial f\u00fcr pers\u00f6nliches Wachstum und Entwicklung.<\/p>\n<p>Offen f\u00fcr alle, die ihr Verst\u00e4ndnis der Technik und ihres pers\u00f6nlichen Gebrauchs vertiefen m\u00f6chten. Besonders geeignet f\u00fcr diejenigen, die eine Lehrerausbildung in Betracht ziehen, sowie f\u00fcr junge Lehrer:innen.<\/p>\n<p>&nbsp;<\/p>\n<ul>\n<li><span data-wp-c16t=\"true\" data-wp-component=\"Text\" class=\"components-truncate components-text css-5oxji4 e19lxcc00\">26. April 2026<\/span> 9.30 &#8211; 13.00, 15.00 &#8211; 18.30<\/li>\n<li>Max Teilnehmerzahl: 12<\/li>\n<li>\u20ac80 \/ erm\u00e4\u00dfigt \u20ac65<\/li>\n<\/ul>\n<p>[\/et_pb_text][et_pb_button button_url=&#8220;#contact&#8220; button_text=&#8220;Kontakt&#8220; _builder_version=&#8220;4.25.0&#8243; _module_preset=&#8220;default&#8220; global_colors_info=&#8220;{}&#8220;][\/et_pb_button][\/et_pb_column][et_pb_column type=&#8220;1_5&#8243; _builder_version=&#8220;4.16&#8243; custom_padding=&#8220;|||&#8220; global_colors_info=&#8220;{}&#8220; custom_padding__hover=&#8220;|||&#8220;][\/et_pb_column][\/et_pb_row][\/et_pb_section]<\/p>\n","protected":false},"excerpt":{"rendered":"<p>26. April 2026<\/p>\n","protected":false},"author":1,"featured_media":0,"comment_status":"closed","ping_status":"open","sticky":false,"template":"","format":"standard","meta":{"_acf_changed":false,"_et_pb_use_builder":"on","_et_pb_old_content":"","_et_gb_content_width":"","inline_featured_image":false,"iawp_total_views":68,"footnotes":""},"categories":[39],"tags":[30,32],"class_list":["post-1397","post","type-post","status-publish","format-standard","hentry","category-past-event","tag-a-day-with-the-alexander-technique"],"acf":[],"yoast_head":"<!-- This site is optimized with the Yoast SEO plugin v27.4 - https:\/\/yoast.com\/product\/yoast-seo-wordpress\/ -->\n<title>Ein Tag mit der Alexander-Technik &#8226; Alexander Technique Centre Berlin<\/title>\n<meta name=\"robots\" content=\"index, follow, max-snippet:-1, max-image-preview:large, max-video-preview:-1\" \/>\n<link rel=\"canonical\" href=\"https:\/\/alexandertechnique-centre.berlin\/de\/past-event\/ein-tag-mit-at\/\" \/>\n<meta property=\"og:locale\" content=\"de_DE\" \/>\n<meta property=\"og:type\" content=\"article\" \/>\n<meta property=\"og:title\" content=\"Ein Tag mit der Alexander-Technik &#8226; Alexander Technique Centre Berlin\" \/>\n<meta property=\"og:description\" content=\"26. April 2026\" \/>\n<meta property=\"og:url\" content=\"https:\/\/alexandertechnique-centre.berlin\/de\/past-event\/ein-tag-mit-at\/\" \/>\n<meta property=\"og:site_name\" content=\"Alexander Technique Centre Berlin\" \/>\n<meta property=\"article:published_time\" content=\"2026-03-25T00:00:00+00:00\" \/>\n<meta property=\"article:modified_time\" content=\"2026-04-17T18:16:54+00:00\" \/>\n<meta property=\"og:image\" content=\"https:\/\/alexandertechnique-centre.berlin\/wp-content\/uploads\/2024\/05\/atcb-DSC_0267-scaled.jpg\" \/>\n\t<meta property=\"og:image:width\" content=\"2560\" \/>\n\t<meta property=\"og:image:height\" content=\"1707\" \/>\n\t<meta property=\"og:image:type\" content=\"image\/jpeg\" \/>\n<meta name=\"author\" content=\"rd-admin\" \/>\n<script type=\"application\/ld+json\" class=\"yoast-schema-graph\">{\"@context\":\"https:\\\/\\\/schema.org\",\"@graph\":[{\"@type\":\"Article\",\"@id\":\"https:\\\/\\\/alexandertechnique-centre.berlin\\\/de\\\/past-event\\\/ein-tag-mit-at\\\/#article\",\"isPartOf\":{\"@id\":\"https:\\\/\\\/alexandertechnique-centre.berlin\\\/de\\\/past-event\\\/ein-tag-mit-at\\\/\"},\"author\":{\"name\":\"rd-admin\",\"@id\":\"https:\\\/\\\/alexandertechnique-centre.berlin\\\/de\\\/#\\\/schema\\\/person\\\/ba05672b2c60049c5c0ea0e642bce841\"},\"headline\":\"Ein Tag mit der Alexander-Technik\",\"datePublished\":\"2026-03-25T00:00:00+00:00\",\"dateModified\":\"2026-04-17T18:16:54+00:00\",\"mainEntityOfPage\":{\"@id\":\"https:\\\/\\\/alexandertechnique-centre.berlin\\\/de\\\/past-event\\\/ein-tag-mit-at\\\/\"},\"wordCount\":279,\"publisher\":{\"@id\":\"https:\\\/\\\/alexandertechnique-centre.berlin\\\/de\\\/#organization\"},\"keywords\":[\"A day with the Alexander Technique\",\"A day with the Alexander Technique\"],\"articleSection\":[\"Past Event\"],\"inLanguage\":\"de\"},{\"@type\":\"WebPage\",\"@id\":\"https:\\\/\\\/alexandertechnique-centre.berlin\\\/de\\\/past-event\\\/ein-tag-mit-at\\\/\",\"url\":\"https:\\\/\\\/alexandertechnique-centre.berlin\\\/de\\\/past-event\\\/ein-tag-mit-at\\\/\",\"name\":\"Ein Tag mit der Alexander-Technik &#8226; Alexander Technique Centre Berlin\",\"isPartOf\":{\"@id\":\"https:\\\/\\\/alexandertechnique-centre.berlin\\\/de\\\/#website\"},\"datePublished\":\"2026-03-25T00:00:00+00:00\",\"dateModified\":\"2026-04-17T18:16:54+00:00\",\"breadcrumb\":{\"@id\":\"https:\\\/\\\/alexandertechnique-centre.berlin\\\/de\\\/past-event\\\/ein-tag-mit-at\\\/#breadcrumb\"},\"inLanguage\":\"de\",\"potentialAction\":[{\"@type\":\"ReadAction\",\"target\":[\"https:\\\/\\\/alexandertechnique-centre.berlin\\\/de\\\/past-event\\\/ein-tag-mit-at\\\/\"]}]},{\"@type\":\"BreadcrumbList\",\"@id\":\"https:\\\/\\\/alexandertechnique-centre.berlin\\\/de\\\/past-event\\\/ein-tag-mit-at\\\/#breadcrumb\",\"itemListElement\":[{\"@type\":\"ListItem\",\"position\":1,\"name\":\"Home\",\"item\":\"https:\\\/\\\/alexandertechnique-centre.berlin\\\/de\\\/startseite\\\/\"},{\"@type\":\"ListItem\",\"position\":2,\"name\":\"Ein Tag mit der Alexander-Technik\"}]},{\"@type\":\"WebSite\",\"@id\":\"https:\\\/\\\/alexandertechnique-centre.berlin\\\/de\\\/#website\",\"url\":\"https:\\\/\\\/alexandertechnique-centre.berlin\\\/de\\\/\",\"name\":\"Alexander Technique Centre Berlin\",\"description\":\"Alexander Technique Centre Berlin\",\"publisher\":{\"@id\":\"https:\\\/\\\/alexandertechnique-centre.berlin\\\/de\\\/#organization\"},\"alternateName\":\"ATCB\",\"potentialAction\":[{\"@type\":\"SearchAction\",\"target\":{\"@type\":\"EntryPoint\",\"urlTemplate\":\"https:\\\/\\\/alexandertechnique-centre.berlin\\\/de\\\/?s={search_term_string}\"},\"query-input\":{\"@type\":\"PropertyValueSpecification\",\"valueRequired\":true,\"valueName\":\"search_term_string\"}}],\"inLanguage\":\"de\"},{\"@type\":\"Organization\",\"@id\":\"https:\\\/\\\/alexandertechnique-centre.berlin\\\/de\\\/#organization\",\"name\":\"Alexander Technique Centre Berlin\",\"url\":\"https:\\\/\\\/alexandertechnique-centre.berlin\\\/de\\\/\",\"logo\":{\"@type\":\"ImageObject\",\"inLanguage\":\"de\",\"@id\":\"https:\\\/\\\/alexandertechnique-centre.berlin\\\/de\\\/#\\\/schema\\\/logo\\\/image\\\/\",\"url\":\"https:\\\/\\\/alexandertechnique-centre.berlin\\\/wp-content\\\/uploads\\\/2024\\\/04\\\/atcb-logo.png\",\"contentUrl\":\"https:\\\/\\\/alexandertechnique-centre.berlin\\\/wp-content\\\/uploads\\\/2024\\\/04\\\/atcb-logo.png\",\"width\":1255,\"height\":538,\"caption\":\"Alexander Technique Centre Berlin\"},\"image\":{\"@id\":\"https:\\\/\\\/alexandertechnique-centre.berlin\\\/de\\\/#\\\/schema\\\/logo\\\/image\\\/\"}},{\"@type\":\"Person\",\"@id\":\"https:\\\/\\\/alexandertechnique-centre.berlin\\\/de\\\/#\\\/schema\\\/person\\\/ba05672b2c60049c5c0ea0e642bce841\",\"name\":\"rd-admin\",\"image\":{\"@type\":\"ImageObject\",\"inLanguage\":\"de\",\"@id\":\"https:\\\/\\\/secure.gravatar.com\\\/avatar\\\/f695105e1c43e801345e470cb749f727840ad2104413b932a547fcb4bf726175?s=96&d=mm&r=g\",\"url\":\"https:\\\/\\\/secure.gravatar.com\\\/avatar\\\/f695105e1c43e801345e470cb749f727840ad2104413b932a547fcb4bf726175?s=96&d=mm&r=g\",\"contentUrl\":\"https:\\\/\\\/secure.gravatar.com\\\/avatar\\\/f695105e1c43e801345e470cb749f727840ad2104413b932a547fcb4bf726175?s=96&d=mm&r=g\",\"caption\":\"rd-admin\"},\"sameAs\":[\"https:\\\/\\\/alexandertechnique-centre.berlin\"],\"url\":\"https:\\\/\\\/alexandertechnique-centre.berlin\\\/de\\\/author\\\/rd-admin\\\/\"}]}<\/script>\n<!-- \/ Yoast SEO plugin. -->","yoast_head_json":{"title":"Ein Tag mit der Alexander-Technik &#8226; Alexander Technique Centre Berlin","robots":{"index":"index","follow":"follow","max-snippet":"max-snippet:-1","max-image-preview":"max-image-preview:large","max-video-preview":"max-video-preview:-1"},"canonical":"https:\/\/alexandertechnique-centre.berlin\/de\/past-event\/ein-tag-mit-at\/","og_locale":"de_DE","og_type":"article","og_title":"Ein Tag mit der Alexander-Technik &#8226; Alexander Technique Centre Berlin","og_description":"26. April 2026","og_url":"https:\/\/alexandertechnique-centre.berlin\/de\/past-event\/ein-tag-mit-at\/","og_site_name":"Alexander Technique Centre Berlin","article_published_time":"2026-03-25T00:00:00+00:00","article_modified_time":"2026-04-17T18:16:54+00:00","og_image":[{"width":2560,"height":1707,"url":"https:\/\/alexandertechnique-centre.berlin\/wp-content\/uploads\/2024\/05\/atcb-DSC_0267-scaled.jpg","type":"image\/jpeg"}],"author":"rd-admin","schema":{"@context":"https:\/\/schema.org","@graph":[{"@type":"Article","@id":"https:\/\/alexandertechnique-centre.berlin\/de\/past-event\/ein-tag-mit-at\/#article","isPartOf":{"@id":"https:\/\/alexandertechnique-centre.berlin\/de\/past-event\/ein-tag-mit-at\/"},"author":{"name":"rd-admin","@id":"https:\/\/alexandertechnique-centre.berlin\/de\/#\/schema\/person\/ba05672b2c60049c5c0ea0e642bce841"},"headline":"Ein Tag mit der Alexander-Technik","datePublished":"2026-03-25T00:00:00+00:00","dateModified":"2026-04-17T18:16:54+00:00","mainEntityOfPage":{"@id":"https:\/\/alexandertechnique-centre.berlin\/de\/past-event\/ein-tag-mit-at\/"},"wordCount":279,"publisher":{"@id":"https:\/\/alexandertechnique-centre.berlin\/de\/#organization"},"keywords":["A day with the Alexander Technique","A day with the Alexander Technique"],"articleSection":["Past Event"],"inLanguage":"de"},{"@type":"WebPage","@id":"https:\/\/alexandertechnique-centre.berlin\/de\/past-event\/ein-tag-mit-at\/","url":"https:\/\/alexandertechnique-centre.berlin\/de\/past-event\/ein-tag-mit-at\/","name":"Ein Tag mit der Alexander-Technik &#8226; Alexander Technique Centre Berlin","isPartOf":{"@id":"https:\/\/alexandertechnique-centre.berlin\/de\/#website"},"datePublished":"2026-03-25T00:00:00+00:00","dateModified":"2026-04-17T18:16:54+00:00","breadcrumb":{"@id":"https:\/\/alexandertechnique-centre.berlin\/de\/past-event\/ein-tag-mit-at\/#breadcrumb"},"inLanguage":"de","potentialAction":[{"@type":"ReadAction","target":["https:\/\/alexandertechnique-centre.berlin\/de\/past-event\/ein-tag-mit-at\/"]}]},{"@type":"BreadcrumbList","@id":"https:\/\/alexandertechnique-centre.berlin\/de\/past-event\/ein-tag-mit-at\/#breadcrumb","itemListElement":[{"@type":"ListItem","position":1,"name":"Home","item":"https:\/\/alexandertechnique-centre.berlin\/de\/startseite\/"},{"@type":"ListItem","position":2,"name":"Ein Tag mit der Alexander-Technik"}]},{"@type":"WebSite","@id":"https:\/\/alexandertechnique-centre.berlin\/de\/#website","url":"https:\/\/alexandertechnique-centre.berlin\/de\/","name":"Alexander Technique Centre Berlin","description":"Alexander Technique Centre Berlin","publisher":{"@id":"https:\/\/alexandertechnique-centre.berlin\/de\/#organization"},"alternateName":"ATCB","potentialAction":[{"@type":"SearchAction","target":{"@type":"EntryPoint","urlTemplate":"https:\/\/alexandertechnique-centre.berlin\/de\/?s={search_term_string}"},"query-input":{"@type":"PropertyValueSpecification","valueRequired":true,"valueName":"search_term_string"}}],"inLanguage":"de"},{"@type":"Organization","@id":"https:\/\/alexandertechnique-centre.berlin\/de\/#organization","name":"Alexander Technique Centre Berlin","url":"https:\/\/alexandertechnique-centre.berlin\/de\/","logo":{"@type":"ImageObject","inLanguage":"de","@id":"https:\/\/alexandertechnique-centre.berlin\/de\/#\/schema\/logo\/image\/","url":"https:\/\/alexandertechnique-centre.berlin\/wp-content\/uploads\/2024\/04\/atcb-logo.png","contentUrl":"https:\/\/alexandertechnique-centre.berlin\/wp-content\/uploads\/2024\/04\/atcb-logo.png","width":1255,"height":538,"caption":"Alexander Technique Centre Berlin"},"image":{"@id":"https:\/\/alexandertechnique-centre.berlin\/de\/#\/schema\/logo\/image\/"}},{"@type":"Person","@id":"https:\/\/alexandertechnique-centre.berlin\/de\/#\/schema\/person\/ba05672b2c60049c5c0ea0e642bce841","name":"rd-admin","image":{"@type":"ImageObject","inLanguage":"de","@id":"https:\/\/secure.gravatar.com\/avatar\/f695105e1c43e801345e470cb749f727840ad2104413b932a547fcb4bf726175?s=96&d=mm&r=g","url":"https:\/\/secure.gravatar.com\/avatar\/f695105e1c43e801345e470cb749f727840ad2104413b932a547fcb4bf726175?s=96&d=mm&r=g","contentUrl":"https:\/\/secure.gravatar.com\/avatar\/f695105e1c43e801345e470cb749f727840ad2104413b932a547fcb4bf726175?s=96&d=mm&r=g","caption":"rd-admin"},"sameAs":["https:\/\/alexandertechnique-centre.berlin"],"url":"https:\/\/alexandertechnique-centre.berlin\/de\/author\/rd-admin\/"}]}},"_links":{"self":[{"href":"https:\/\/alexandertechnique-centre.berlin\/de\/wp-json\/wp\/v2\/posts\/1397","targetHints":{"allow":["GET"]}}],"collection":[{"href":"https:\/\/alexandertechnique-centre.berlin\/de\/wp-json\/wp\/v2\/posts"}],"about":[{"href":"https:\/\/alexandertechnique-centre.berlin\/de\/wp-json\/wp\/v2\/types\/post"}],"author":[{"embeddable":true,"href":"https:\/\/alexandertechnique-centre.berlin\/de\/wp-json\/wp\/v2\/users\/1"}],"replies":[{"embeddable":true,"href":"https:\/\/alexandertechnique-centre.berlin\/de\/wp-json\/wp\/v2\/comments?post=1397"}],"version-history":[{"count":9,"href":"https:\/\/alexandertechnique-centre.berlin\/de\/wp-json\/wp\/v2\/posts\/1397\/revisions"}],"predecessor-version":[{"id":3692,"href":"https:\/\/alexandertechnique-centre.berlin\/de\/wp-json\/wp\/v2\/posts\/1397\/revisions\/3692"}],"wp:attachment":[{"href":"https:\/\/alexandertechnique-centre.berlin\/de\/wp-json\/wp\/v2\/media?parent=1397"}],"wp:term":[{"taxonomy":"category","embeddable":true,"href":"https:\/\/alexandertechnique-centre.berlin\/de\/wp-json\/wp\/v2\/categories?post=1397"},{"taxonomy":"post_tag","embeddable":true,"href":"https:\/\/alexandertechnique-centre.berlin\/de\/wp-json\/wp\/v2\/tags?post=1397"}],"curies":[{"name":"wp","href":"https:\/\/api.w.org\/{rel}","templated":true}]}}