{"id":1965,"date":"2025-01-14T02:00:35","date_gmt":"2025-01-14T01:00:35","guid":{"rendered":"https:\/\/alexandertechnique-centre.berlin\/?p=1965"},"modified":"2026-03-23T15:09:59","modified_gmt":"2026-03-23T14:09:59","slug":"den-koerper-zum-klingen-bringen","status":"publish","type":"post","link":"https:\/\/alexandertechnique-centre.berlin\/de\/events\/den-koerper-zum-klingen-bringen\/","title":{"rendered":"Den K\u00f6rper zum Klingen bringen"},"content":{"rendered":"<p>[et_pb_section fb_built=&#8220;1&#8243; admin_label=&#8220;About&#8220; module_id=&#8220;Inhalt&#8220; _builder_version=&#8220;4.25.0&#8243; custom_padding=&#8220;||100px||false|false&#8220; global_colors_info=&#8220;{}&#8220;][et_pb_row column_structure=&#8220;1_5,3_5,1_5&#8243; _builder_version=&#8220;4.16&#8243; custom_margin=&#8220;|||&#8220; custom_padding=&#8220;|||&#8220; global_colors_info=&#8220;{}&#8220;][et_pb_column type=&#8220;1_5&#8243; _builder_version=&#8220;4.16&#8243; custom_padding=&#8220;|||&#8220; global_colors_info=&#8220;{}&#8220; custom_padding__hover=&#8220;|||&#8220;][\/et_pb_column][et_pb_column type=&#8220;3_5&#8243; _builder_version=&#8220;4.16&#8243; custom_padding=&#8220;|||&#8220; global_colors_info=&#8220;{}&#8220; custom_padding__hover=&#8220;|||&#8220;][et_pb_text admin_label=&#8220;Title&#8220; _builder_version=&#8220;4.27.3&#8243; header_font=&#8220;||||||||&#8220; header_2_font=&#8220;Montserrat|500|||||||&#8220; header_2_text_align=&#8220;center&#8220; module_alignment=&#8220;center&#8220; custom_padding=&#8220;|||0px||&#8220; animation_style=&#8220;slide&#8220; animation_direction=&#8220;bottom&#8220; animation_intensity_slide=&#8220;10%&#8220; hover_enabled=&#8220;0&#8243; global_colors_info=&#8220;{}&#8220; sticky_enabled=&#8220;0&#8243;]<\/p>\n<h1>Den K\u00f6rper zum Klingen bringen<\/h1>\n<p>Ein Workshop f\u00fcr Alexander-Technik und Stimme<\/p>\n<p>&nbsp;<\/p>\n<p>Eine m\u00fchelos leichte und facettenreiche Stimme scheint manchmal aller Schwerkraft enthoben, nahezu k\u00f6rperlos zu sein\u2026dabei vermag sie unseren Organismus gekonnt als Instrument zu nutzen.<br \/>Wer einen Zugang zu den Ressourcen und Regulationsm\u00f6glichkeiten seines K\u00f6rpers hat, genie\u00dft dessen volle Unterst\u00fctzung bei jeder stimmlichen Aktivit\u00e4t.<br \/>Die Alexander-Technik bietet effektive Werkzeuge, um unseren K\u00f6rpergebrauch zu harmonisieren und unsere Stimme freizusetzen.<br \/>Pr\u00e4zision, ein voller Tonumfang und feine Nuancen des k\u00fcnstlerischen Ausdrucks werden so zu unseren nat\u00fcrlichen Qualit\u00e4ten.<br \/>In diesem 2-t\u00e4gigen Workshop wollen wir sowohl ein Verst\u00e4ndnis der Alexander-Technik und ihrer Anwendungsm\u00f6glichkeiten vermitteln als auch Raum daf\u00fcr geben mit dem Ausdrucksrepertoire der Stimme zu experimentieren.<\/p>\n<p>Wann: 11. + 12. Januar 2025\u2028 jeweils 11-17 Uhr mit Mittagspause\u2028<br \/>Wo: im K\u00fcnstlerhaus Bethanien\u2028<br \/>Wieviel: 220 &#8211; 190 Euro nach Selbsteinsch\u00e4tzung<br \/>\u2028Wer: Beate v. Hahn, Susanne Middendorf<\/p>\n<p>[\/et_pb_text][et_pb_button button_url=&#8220;#contact&#8220; button_text=&#8220;Kontakt&#8220; _builder_version=&#8220;4.25.0&#8243; _module_preset=&#8220;default&#8220; global_colors_info=&#8220;{}&#8220;][\/et_pb_button][\/et_pb_column][et_pb_column type=&#8220;1_5&#8243; _builder_version=&#8220;4.16&#8243; custom_padding=&#8220;|||&#8220; global_colors_info=&#8220;{}&#8220; custom_padding__hover=&#8220;|||&#8220;][\/et_pb_column][\/et_pb_row][\/et_pb_section]<\/p>\n","protected":false},"excerpt":{"rendered":"<p>Ein Workshop \u00fcber Alexandertechnik und Stimme<br \/>\n11. &#8211; 12. Januar 2025<\/p>\n","protected":false},"author":7,"featured_media":0,"comment_status":"closed","ping_status":"open","sticky":false,"template":"","format":"standard","meta":{"_acf_changed":false,"_et_pb_use_builder":"on","_et_pb_old_content":"","_et_gb_content_width":"","inline_featured_image":false,"iawp_total_views":0,"footnotes":""},"categories":[24,23,44],"tags":[],"class_list":["post-1965","post","type-post","status-publish","format-standard","hentry","category-events-de","category-events","category-vergangene-events"],"acf":[],"yoast_head":"<!-- This site is optimized with the Yoast SEO plugin v27.4 - https:\/\/yoast.com\/product\/yoast-seo-wordpress\/ -->\n<title>Den K\u00f6rper zum Klingen bringen &#8226; Alexander Technique Centre Berlin<\/title>\n<meta name=\"robots\" content=\"index, follow, max-snippet:-1, max-image-preview:large, max-video-preview:-1\" \/>\n<link rel=\"canonical\" href=\"https:\/\/alexandertechnique-centre.berlin\/de\/events\/den-koerper-zum-klingen-bringen\/\" \/>\n<meta property=\"og:locale\" content=\"de_DE\" \/>\n<meta property=\"og:type\" content=\"article\" \/>\n<meta property=\"og:title\" content=\"Den K\u00f6rper zum Klingen bringen &#8226; Alexander Technique Centre Berlin\" \/>\n<meta property=\"og:description\" content=\"Ein Workshop \u00fcber Alexandertechnik und Stimme 11. - 12. Januar 2025\" \/>\n<meta property=\"og:url\" content=\"https:\/\/alexandertechnique-centre.berlin\/de\/events\/den-koerper-zum-klingen-bringen\/\" \/>\n<meta property=\"og:site_name\" content=\"Alexander Technique Centre Berlin\" \/>\n<meta property=\"article:published_time\" content=\"2025-01-14T01:00:35+00:00\" \/>\n<meta property=\"article:modified_time\" content=\"2026-03-23T14:09:59+00:00\" \/>\n<meta property=\"og:image\" content=\"https:\/\/alexandertechnique-centre.berlin\/wp-content\/uploads\/2024\/05\/atcb-DSC_0267-scaled.jpg\" \/>\n\t<meta property=\"og:image:width\" content=\"2560\" \/>\n\t<meta property=\"og:image:height\" content=\"1707\" \/>\n\t<meta property=\"og:image:type\" content=\"image\/jpeg\" \/>\n<meta name=\"author\" content=\"Jonathan\" \/>\n<script type=\"application\/ld+json\" class=\"yoast-schema-graph\">{\"@context\":\"https:\\\/\\\/schema.org\",\"@graph\":[{\"@type\":\"Article\",\"@id\":\"https:\\\/\\\/alexandertechnique-centre.berlin\\\/de\\\/events\\\/den-koerper-zum-klingen-bringen\\\/#article\",\"isPartOf\":{\"@id\":\"https:\\\/\\\/alexandertechnique-centre.berlin\\\/de\\\/events\\\/den-koerper-zum-klingen-bringen\\\/\"},\"author\":{\"name\":\"Jonathan\",\"@id\":\"https:\\\/\\\/alexandertechnique-centre.berlin\\\/de\\\/#\\\/schema\\\/person\\\/f93ce0db22599814bfd84ac2b742e7c0\"},\"headline\":\"Den K\u00f6rper zum Klingen bringen\",\"datePublished\":\"2025-01-14T01:00:35+00:00\",\"dateModified\":\"2026-03-23T14:09:59+00:00\",\"mainEntityOfPage\":{\"@id\":\"https:\\\/\\\/alexandertechnique-centre.berlin\\\/de\\\/events\\\/den-koerper-zum-klingen-bringen\\\/\"},\"wordCount\":315,\"publisher\":{\"@id\":\"https:\\\/\\\/alexandertechnique-centre.berlin\\\/de\\\/#organization\"},\"articleSection\":[\"Events\",\"Events\",\"Vergangene Events\"],\"inLanguage\":\"de\"},{\"@type\":\"WebPage\",\"@id\":\"https:\\\/\\\/alexandertechnique-centre.berlin\\\/de\\\/events\\\/den-koerper-zum-klingen-bringen\\\/\",\"url\":\"https:\\\/\\\/alexandertechnique-centre.berlin\\\/de\\\/events\\\/den-koerper-zum-klingen-bringen\\\/\",\"name\":\"Den K\u00f6rper zum Klingen bringen &#8226; Alexander Technique Centre Berlin\",\"isPartOf\":{\"@id\":\"https:\\\/\\\/alexandertechnique-centre.berlin\\\/de\\\/#website\"},\"datePublished\":\"2025-01-14T01:00:35+00:00\",\"dateModified\":\"2026-03-23T14:09:59+00:00\",\"breadcrumb\":{\"@id\":\"https:\\\/\\\/alexandertechnique-centre.berlin\\\/de\\\/events\\\/den-koerper-zum-klingen-bringen\\\/#breadcrumb\"},\"inLanguage\":\"de\",\"potentialAction\":[{\"@type\":\"ReadAction\",\"target\":[\"https:\\\/\\\/alexandertechnique-centre.berlin\\\/de\\\/events\\\/den-koerper-zum-klingen-bringen\\\/\"]}]},{\"@type\":\"BreadcrumbList\",\"@id\":\"https:\\\/\\\/alexandertechnique-centre.berlin\\\/de\\\/events\\\/den-koerper-zum-klingen-bringen\\\/#breadcrumb\",\"itemListElement\":[{\"@type\":\"ListItem\",\"position\":1,\"name\":\"Home\",\"item\":\"https:\\\/\\\/alexandertechnique-centre.berlin\\\/de\\\/startseite\\\/\"},{\"@type\":\"ListItem\",\"position\":2,\"name\":\"Den K\u00f6rper zum Klingen bringen\"}]},{\"@type\":\"WebSite\",\"@id\":\"https:\\\/\\\/alexandertechnique-centre.berlin\\\/de\\\/#website\",\"url\":\"https:\\\/\\\/alexandertechnique-centre.berlin\\\/de\\\/\",\"name\":\"Alexander Technique Centre Berlin\",\"description\":\"Alexander Technique Centre Berlin\",\"publisher\":{\"@id\":\"https:\\\/\\\/alexandertechnique-centre.berlin\\\/de\\\/#organization\"},\"alternateName\":\"ATCB\",\"potentialAction\":[{\"@type\":\"SearchAction\",\"target\":{\"@type\":\"EntryPoint\",\"urlTemplate\":\"https:\\\/\\\/alexandertechnique-centre.berlin\\\/de\\\/?s={search_term_string}\"},\"query-input\":{\"@type\":\"PropertyValueSpecification\",\"valueRequired\":true,\"valueName\":\"search_term_string\"}}],\"inLanguage\":\"de\"},{\"@type\":\"Organization\",\"@id\":\"https:\\\/\\\/alexandertechnique-centre.berlin\\\/de\\\/#organization\",\"name\":\"Alexander Technique Centre Berlin\",\"url\":\"https:\\\/\\\/alexandertechnique-centre.berlin\\\/de\\\/\",\"logo\":{\"@type\":\"ImageObject\",\"inLanguage\":\"de\",\"@id\":\"https:\\\/\\\/alexandertechnique-centre.berlin\\\/de\\\/#\\\/schema\\\/logo\\\/image\\\/\",\"url\":\"https:\\\/\\\/alexandertechnique-centre.berlin\\\/wp-content\\\/uploads\\\/2024\\\/04\\\/atcb-logo.png\",\"contentUrl\":\"https:\\\/\\\/alexandertechnique-centre.berlin\\\/wp-content\\\/uploads\\\/2024\\\/04\\\/atcb-logo.png\",\"width\":1255,\"height\":538,\"caption\":\"Alexander Technique Centre Berlin\"},\"image\":{\"@id\":\"https:\\\/\\\/alexandertechnique-centre.berlin\\\/de\\\/#\\\/schema\\\/logo\\\/image\\\/\"}},{\"@type\":\"Person\",\"@id\":\"https:\\\/\\\/alexandertechnique-centre.berlin\\\/de\\\/#\\\/schema\\\/person\\\/f93ce0db22599814bfd84ac2b742e7c0\",\"name\":\"Jonathan\",\"image\":{\"@type\":\"ImageObject\",\"inLanguage\":\"de\",\"@id\":\"https:\\\/\\\/secure.gravatar.com\\\/avatar\\\/9403b695367cc9aa853182db8aa47399208c885677dc0b04f9ffd6cec6707611?s=96&d=mm&r=g\",\"url\":\"https:\\\/\\\/secure.gravatar.com\\\/avatar\\\/9403b695367cc9aa853182db8aa47399208c885677dc0b04f9ffd6cec6707611?s=96&d=mm&r=g\",\"contentUrl\":\"https:\\\/\\\/secure.gravatar.com\\\/avatar\\\/9403b695367cc9aa853182db8aa47399208c885677dc0b04f9ffd6cec6707611?s=96&d=mm&r=g\",\"caption\":\"Jonathan\"},\"url\":\"https:\\\/\\\/alexandertechnique-centre.berlin\\\/de\\\/author\\\/atcb-jonathan-s\\\/\"}]}<\/script>\n<!-- \/ Yoast SEO plugin. -->","yoast_head_json":{"title":"Den K\u00f6rper zum Klingen bringen &#8226; Alexander Technique Centre Berlin","robots":{"index":"index","follow":"follow","max-snippet":"max-snippet:-1","max-image-preview":"max-image-preview:large","max-video-preview":"max-video-preview:-1"},"canonical":"https:\/\/alexandertechnique-centre.berlin\/de\/events\/den-koerper-zum-klingen-bringen\/","og_locale":"de_DE","og_type":"article","og_title":"Den K\u00f6rper zum Klingen bringen &#8226; Alexander Technique Centre Berlin","og_description":"Ein Workshop \u00fcber Alexandertechnik und Stimme 11. - 12. Januar 2025","og_url":"https:\/\/alexandertechnique-centre.berlin\/de\/events\/den-koerper-zum-klingen-bringen\/","og_site_name":"Alexander Technique Centre Berlin","article_published_time":"2025-01-14T01:00:35+00:00","article_modified_time":"2026-03-23T14:09:59+00:00","og_image":[{"width":2560,"height":1707,"url":"https:\/\/alexandertechnique-centre.berlin\/wp-content\/uploads\/2024\/05\/atcb-DSC_0267-scaled.jpg","type":"image\/jpeg"}],"author":"Jonathan","schema":{"@context":"https:\/\/schema.org","@graph":[{"@type":"Article","@id":"https:\/\/alexandertechnique-centre.berlin\/de\/events\/den-koerper-zum-klingen-bringen\/#article","isPartOf":{"@id":"https:\/\/alexandertechnique-centre.berlin\/de\/events\/den-koerper-zum-klingen-bringen\/"},"author":{"name":"Jonathan","@id":"https:\/\/alexandertechnique-centre.berlin\/de\/#\/schema\/person\/f93ce0db22599814bfd84ac2b742e7c0"},"headline":"Den K\u00f6rper zum Klingen bringen","datePublished":"2025-01-14T01:00:35+00:00","dateModified":"2026-03-23T14:09:59+00:00","mainEntityOfPage":{"@id":"https:\/\/alexandertechnique-centre.berlin\/de\/events\/den-koerper-zum-klingen-bringen\/"},"wordCount":315,"publisher":{"@id":"https:\/\/alexandertechnique-centre.berlin\/de\/#organization"},"articleSection":["Events","Events","Vergangene Events"],"inLanguage":"de"},{"@type":"WebPage","@id":"https:\/\/alexandertechnique-centre.berlin\/de\/events\/den-koerper-zum-klingen-bringen\/","url":"https:\/\/alexandertechnique-centre.berlin\/de\/events\/den-koerper-zum-klingen-bringen\/","name":"Den K\u00f6rper zum Klingen bringen &#8226; Alexander Technique Centre Berlin","isPartOf":{"@id":"https:\/\/alexandertechnique-centre.berlin\/de\/#website"},"datePublished":"2025-01-14T01:00:35+00:00","dateModified":"2026-03-23T14:09:59+00:00","breadcrumb":{"@id":"https:\/\/alexandertechnique-centre.berlin\/de\/events\/den-koerper-zum-klingen-bringen\/#breadcrumb"},"inLanguage":"de","potentialAction":[{"@type":"ReadAction","target":["https:\/\/alexandertechnique-centre.berlin\/de\/events\/den-koerper-zum-klingen-bringen\/"]}]},{"@type":"BreadcrumbList","@id":"https:\/\/alexandertechnique-centre.berlin\/de\/events\/den-koerper-zum-klingen-bringen\/#breadcrumb","itemListElement":[{"@type":"ListItem","position":1,"name":"Home","item":"https:\/\/alexandertechnique-centre.berlin\/de\/startseite\/"},{"@type":"ListItem","position":2,"name":"Den K\u00f6rper zum Klingen bringen"}]},{"@type":"WebSite","@id":"https:\/\/alexandertechnique-centre.berlin\/de\/#website","url":"https:\/\/alexandertechnique-centre.berlin\/de\/","name":"Alexander Technique Centre Berlin","description":"Alexander Technique Centre Berlin","publisher":{"@id":"https:\/\/alexandertechnique-centre.berlin\/de\/#organization"},"alternateName":"ATCB","potentialAction":[{"@type":"SearchAction","target":{"@type":"EntryPoint","urlTemplate":"https:\/\/alexandertechnique-centre.berlin\/de\/?s={search_term_string}"},"query-input":{"@type":"PropertyValueSpecification","valueRequired":true,"valueName":"search_term_string"}}],"inLanguage":"de"},{"@type":"Organization","@id":"https:\/\/alexandertechnique-centre.berlin\/de\/#organization","name":"Alexander Technique Centre Berlin","url":"https:\/\/alexandertechnique-centre.berlin\/de\/","logo":{"@type":"ImageObject","inLanguage":"de","@id":"https:\/\/alexandertechnique-centre.berlin\/de\/#\/schema\/logo\/image\/","url":"https:\/\/alexandertechnique-centre.berlin\/wp-content\/uploads\/2024\/04\/atcb-logo.png","contentUrl":"https:\/\/alexandertechnique-centre.berlin\/wp-content\/uploads\/2024\/04\/atcb-logo.png","width":1255,"height":538,"caption":"Alexander Technique Centre Berlin"},"image":{"@id":"https:\/\/alexandertechnique-centre.berlin\/de\/#\/schema\/logo\/image\/"}},{"@type":"Person","@id":"https:\/\/alexandertechnique-centre.berlin\/de\/#\/schema\/person\/f93ce0db22599814bfd84ac2b742e7c0","name":"Jonathan","image":{"@type":"ImageObject","inLanguage":"de","@id":"https:\/\/secure.gravatar.com\/avatar\/9403b695367cc9aa853182db8aa47399208c885677dc0b04f9ffd6cec6707611?s=96&d=mm&r=g","url":"https:\/\/secure.gravatar.com\/avatar\/9403b695367cc9aa853182db8aa47399208c885677dc0b04f9ffd6cec6707611?s=96&d=mm&r=g","contentUrl":"https:\/\/secure.gravatar.com\/avatar\/9403b695367cc9aa853182db8aa47399208c885677dc0b04f9ffd6cec6707611?s=96&d=mm&r=g","caption":"Jonathan"},"url":"https:\/\/alexandertechnique-centre.berlin\/de\/author\/atcb-jonathan-s\/"}]}},"_links":{"self":[{"href":"https:\/\/alexandertechnique-centre.berlin\/de\/wp-json\/wp\/v2\/posts\/1965","targetHints":{"allow":["GET"]}}],"collection":[{"href":"https:\/\/alexandertechnique-centre.berlin\/de\/wp-json\/wp\/v2\/posts"}],"about":[{"href":"https:\/\/alexandertechnique-centre.berlin\/de\/wp-json\/wp\/v2\/types\/post"}],"author":[{"embeddable":true,"href":"https:\/\/alexandertechnique-centre.berlin\/de\/wp-json\/wp\/v2\/users\/7"}],"replies":[{"embeddable":true,"href":"https:\/\/alexandertechnique-centre.berlin\/de\/wp-json\/wp\/v2\/comments?post=1965"}],"version-history":[{"count":10,"href":"https:\/\/alexandertechnique-centre.berlin\/de\/wp-json\/wp\/v2\/posts\/1965\/revisions"}],"predecessor-version":[{"id":2515,"href":"https:\/\/alexandertechnique-centre.berlin\/de\/wp-json\/wp\/v2\/posts\/1965\/revisions\/2515"}],"wp:attachment":[{"href":"https:\/\/alexandertechnique-centre.berlin\/de\/wp-json\/wp\/v2\/media?parent=1965"}],"wp:term":[{"taxonomy":"category","embeddable":true,"href":"https:\/\/alexandertechnique-centre.berlin\/de\/wp-json\/wp\/v2\/categories?post=1965"},{"taxonomy":"post_tag","embeddable":true,"href":"https:\/\/alexandertechnique-centre.berlin\/de\/wp-json\/wp\/v2\/tags?post=1965"}],"curies":[{"name":"wp","href":"https:\/\/api.w.org\/{rel}","templated":true}]}}